{"id":3720,"date":"2023-09-18T16:09:02","date_gmt":"2023-09-18T14:09:02","guid":{"rendered":"https:\/\/ripi.iss.it\/ripi\/?p=3720"},"modified":"2023-09-20T18:18:01","modified_gmt":"2023-09-20T16:18:01","slug":"il-30-settembre-ripi-alla-notte-europea-dei-ricercatori-e-delle-ricercatrici","status":"publish","type":"post","link":"https:\/\/ripi.iss.it\/ripi\/it\/news\/approfondimenti\/il-30-settembre-ripi-alla-notte-europea-dei-ricercatori-e-delle-ricercatrici\/","title":{"rendered":"Il 30 settembre il RIPI sar\u00e0 alla Notte europea dei ricercatori e delle ricercatrici"},"content":{"rendered":"<p>La Notte europea dei ricercatori e delle ricercatrici \u00e8 un evento divulgativo annuale che ha l\u2019obiettivo di promuovere e spiegare la ricerca a un pubblico non esperto e di tutte le et\u00e0. Anche quest\u2019anno si terranno varie attivit\u00e0 in numerose citt\u00e0 europee. A Roma l\u2019evento \u00e8 organizzato dal progetto Scienza Insieme e si svolger\u00e0 in due giorni, il 29 e il 30 settembre, presso La citt\u00e0 dell\u2019altra economia (Largo Dino Frisullo).<\/p>\n<p>L\u2019Istituto superiore di sanit\u00e0 sar\u00e0 presente con un grande stand all\u2019interno del quale anche il gruppo del Registro Italiano delle Protesi Impiantabili (RIPI) avr\u00e0 uno spazio che sar\u00e0 intitolato \u201csempre pi\u00f9 bionici: il mondo delle protesi impiantabili\u201d. La postazione del Registro sar\u00e0 attiva <strong>il 30 settembre<\/strong> (sabato) dalle <strong>20.30 alle 23.00<\/strong>.<\/p>\n<p>L\u2019obiettivo \u00e8 far conoscere il RIPI e il mondo dei dispositivi impiantabili anche attraverso queste tre attivit\u00e0:<\/p>\n<ul>\n<li>un questionario sulla salute della propria anca (basato sul questionario HOOS, non avr\u00e0 comunque un valore diagnostico ma aiuter\u00e0 a capire le proprie sensazioni e, se necessario, descriverle al medico).<\/li>\n<li>un quiz a premi sul tema del mondo dei dispositivi medici impiantabili, adatto anche ai ragazzi (&gt;14 anni).<\/li>\n<li>una mostra di dispositivi impiantabili. Alcuni si potranno toccare per capirne meglio alcune caratteristiche come, per esempio, materiale o peso, sperando possa interessare anche i visitatori pi\u00f9 piccoli.<\/li>\n<\/ul>\n<p>La partecipazione all\u2019evento \u00e8 gratuita, ma \u00e8 gradita la <a href=\"https:\/\/www.eventbrite.it\/e\/biglietti-notte-europea-dei-ricercatori-e-delle-ricercatrici-net-23-685660187077?fbclid=IwAR2yKL_D7XS-QuoOb51UunkH2SZdfunoSlg3a9RsSbawJUAsOsMdEuoGYk8\">prenotazione<\/a>.<\/p>\n<p>Invitate i vostri amici e parenti! Spiegheremo loro i dispositivi impiantabili in maniera facile e divertente.<\/p>\n<p><a href=\"https:\/\/www.scienzainsieme.it\/category\/notte-23\/roma-notte-23\/attivita-ad-accesso-limitato-roma-2023\/?fbclid=IwAR1URbeXnBWiAee6mfEW_DWFgaTA0_pEM7dPzJjzE9hMbc75QDFFwY-GNdQ\">Il programma completo degli eventi della Notte a Roma<\/a><\/p>\n<p class=\"p2\"><a href=\"https:\/\/www.scienzainsieme.it\/wp-content\/uploads\/2023\/08\/Programma-ISS-notte-2023-BROCHURE.pdf\">Il programma delle attivit\u00e0 dello stand ISS 29-30 settembre<\/a><\/p>\n<p>Pagina Facebook per seguire gli aggiornamenti: <a href=\"https:\/\/www.facebook.com\/scienzainsieme\">https:\/\/www.facebook.com\/scienzainsieme<\/a><\/p>\n<p>&nbsp;<\/p>\n","protected":false},"excerpt":{"rendered":"<p>La Notte europea dei ricercatori e delle ricercatrici \u00e8 un evento divulgativo annuale che ha l\u2019obiettivo di promuovere e spiegare la ricerca a un pubblico &#8230; <\/p>\n","protected":false},"author":2,"featured_media":3728,"comment_status":"closed","ping_status":"open","sticky":false,"template":"","format":"standard","meta":{"_acf_changed":false,"footnotes":""},"categories":[2],"tags":[],"class_list":["post-3720","post","type-post","status-publish","format-standard","has-post-thumbnail","hentry","category-approfondimenti"],"acf":[],"yoast_head":"<!-- This site is optimized with the Yoast SEO plugin v27.3 - https:\/\/yoast.com\/product\/yoast-seo-wordpress\/ -->\r\n<title>Il 30 settembre il RIPI sar\u00e0 alla Notte europea dei ricercatori e delle ricercatrici | RIPI<\/title>\r\n<meta name=\"robots\" content=\"index, follow, max-snippet:-1, max-image-preview:large, max-video-preview:-1\" \/>\r\n<link rel=\"canonical\" href=\"https:\/\/ripi.iss.it\/ripi\/it\/news\/approfondimenti\/il-30-settembre-ripi-alla-notte-europea-dei-ricercatori-e-delle-ricercatrici\/\" \/>\r\n<meta property=\"og:locale\" content=\"it_IT\" \/>\r\n<meta property=\"og:type\" content=\"article\" \/>\r\n<meta property=\"og:title\" content=\"Il 30 settembre il RIPI sar\u00e0 alla Notte europea dei ricercatori e delle ricercatrici | RIPI\" \/>\r\n<meta property=\"og:description\" content=\"La Notte europea dei ricercatori e delle ricercatrici \u00e8 un evento divulgativo annuale che ha l\u2019obiettivo di promuovere e spiegare la ricerca a un pubblico ...\" \/>\r\n<meta property=\"og:url\" content=\"https:\/\/ripi.iss.it\/ripi\/it\/news\/approfondimenti\/il-30-settembre-ripi-alla-notte-europea-dei-ricercatori-e-delle-ricercatrici\/\" \/>\r\n<meta property=\"og:site_name\" content=\"RIPI\" \/>\r\n<meta property=\"article:published_time\" content=\"2023-09-18T14:09:02+00:00\" \/>\r\n<meta property=\"article:modified_time\" content=\"2023-09-20T16:18:01+00:00\" \/>\r\n<meta property=\"og:image\" content=\"https:\/\/ripi.iss.it\/ripi\/wp-content\/uploads\/2023\/09\/scienzainsieme.jpg\" \/>\r\n\t<meta property=\"og:image:width\" content=\"1200\" \/>\r\n\t<meta property=\"og:image:height\" content=\"628\" \/>\r\n\t<meta property=\"og:image:type\" content=\"image\/jpeg\" \/>\r\n<meta name=\"author\" content=\"benedetta\" \/>\r\n<meta name=\"twitter:card\" content=\"summary_large_image\" \/>\r\n<script type=\"application\/ld+json\" class=\"yoast-schema-graph\">{\"@context\":\"https:\\\/\\\/schema.org\",\"@graph\":[{\"@type\":\"Article\",\"@id\":\"https:\\\/\\\/ripi.iss.it\\\/ripi\\\/it\\\/news\\\/approfondimenti\\\/il-30-settembre-ripi-alla-notte-europea-dei-ricercatori-e-delle-ricercatrici\\\/#article\",\"isPartOf\":{\"@id\":\"https:\\\/\\\/ripi.iss.it\\\/ripi\\\/it\\\/news\\\/approfondimenti\\\/il-30-settembre-ripi-alla-notte-europea-dei-ricercatori-e-delle-ricercatrici\\\/\"},\"author\":{\"name\":\"benedetta\",\"@id\":\"https:\\\/\\\/ripi.iss.it\\\/ripi\\\/#\\\/schema\\\/person\\\/0236d4e22b9e429e957ff941242b546b\"},\"headline\":\"Il 30 settembre il RIPI sar\u00e0 alla Notte europea dei ricercatori e delle ricercatrici\",\"datePublished\":\"2023-09-18T14:09:02+00:00\",\"dateModified\":\"2023-09-20T16:18:01+00:00\",\"mainEntityOfPage\":{\"@id\":\"https:\\\/\\\/ripi.iss.it\\\/ripi\\\/it\\\/news\\\/approfondimenti\\\/il-30-settembre-ripi-alla-notte-europea-dei-ricercatori-e-delle-ricercatrici\\\/\"},\"wordCount\":282,\"publisher\":{\"@id\":\"https:\\\/\\\/ripi.iss.it\\\/ripi\\\/#organization\"},\"image\":{\"@id\":\"https:\\\/\\\/ripi.iss.it\\\/ripi\\\/it\\\/news\\\/approfondimenti\\\/il-30-settembre-ripi-alla-notte-europea-dei-ricercatori-e-delle-ricercatrici\\\/#primaryimage\"},\"thumbnailUrl\":\"https:\\\/\\\/ripi.iss.it\\\/ripi\\\/wp-content\\\/uploads\\\/2023\\\/09\\\/scienzainsieme.jpg\",\"articleSection\":[\"Approfondimenti\"],\"inLanguage\":\"it-IT\"},{\"@type\":\"WebPage\",\"@id\":\"https:\\\/\\\/ripi.iss.it\\\/ripi\\\/it\\\/news\\\/approfondimenti\\\/il-30-settembre-ripi-alla-notte-europea-dei-ricercatori-e-delle-ricercatrici\\\/\",\"url\":\"https:\\\/\\\/ripi.iss.it\\\/ripi\\\/it\\\/news\\\/approfondimenti\\\/il-30-settembre-ripi-alla-notte-europea-dei-ricercatori-e-delle-ricercatrici\\\/\",\"name\":\"Il 30 settembre il RIPI sar\u00e0 alla Notte europea dei ricercatori e delle ricercatrici | RIPI\",\"isPartOf\":{\"@id\":\"https:\\\/\\\/ripi.iss.it\\\/ripi\\\/#website\"},\"primaryImageOfPage\":{\"@id\":\"https:\\\/\\\/ripi.iss.it\\\/ripi\\\/it\\\/news\\\/approfondimenti\\\/il-30-settembre-ripi-alla-notte-europea-dei-ricercatori-e-delle-ricercatrici\\\/#primaryimage\"},\"image\":{\"@id\":\"https:\\\/\\\/ripi.iss.it\\\/ripi\\\/it\\\/news\\\/approfondimenti\\\/il-30-settembre-ripi-alla-notte-europea-dei-ricercatori-e-delle-ricercatrici\\\/#primaryimage\"},\"thumbnailUrl\":\"https:\\\/\\\/ripi.iss.it\\\/ripi\\\/wp-content\\\/uploads\\\/2023\\\/09\\\/scienzainsieme.jpg\",\"datePublished\":\"2023-09-18T14:09:02+00:00\",\"dateModified\":\"2023-09-20T16:18:01+00:00\",\"breadcrumb\":{\"@id\":\"https:\\\/\\\/ripi.iss.it\\\/ripi\\\/it\\\/news\\\/approfondimenti\\\/il-30-settembre-ripi-alla-notte-europea-dei-ricercatori-e-delle-ricercatrici\\\/#breadcrumb\"},\"inLanguage\":\"it-IT\",\"potentialAction\":[{\"@type\":\"ReadAction\",\"target\":[\"https:\\\/\\\/ripi.iss.it\\\/ripi\\\/it\\\/news\\\/approfondimenti\\\/il-30-settembre-ripi-alla-notte-europea-dei-ricercatori-e-delle-ricercatrici\\\/\"]}]},{\"@type\":\"ImageObject\",\"inLanguage\":\"it-IT\",\"@id\":\"https:\\\/\\\/ripi.iss.it\\\/ripi\\\/it\\\/news\\\/approfondimenti\\\/il-30-settembre-ripi-alla-notte-europea-dei-ricercatori-e-delle-ricercatrici\\\/#primaryimage\",\"url\":\"https:\\\/\\\/ripi.iss.it\\\/ripi\\\/wp-content\\\/uploads\\\/2023\\\/09\\\/scienzainsieme.jpg\",\"contentUrl\":\"https:\\\/\\\/ripi.iss.it\\\/ripi\\\/wp-content\\\/uploads\\\/2023\\\/09\\\/scienzainsieme.jpg\",\"width\":1200,\"height\":628},{\"@type\":\"BreadcrumbList\",\"@id\":\"https:\\\/\\\/ripi.iss.it\\\/ripi\\\/it\\\/news\\\/approfondimenti\\\/il-30-settembre-ripi-alla-notte-europea-dei-ricercatori-e-delle-ricercatrici\\\/#breadcrumb\",\"itemListElement\":[{\"@type\":\"ListItem\",\"position\":1,\"name\":\"Home\",\"item\":\"https:\\\/\\\/ripi.iss.it\\\/ripi\\\/it\\\/\"},{\"@type\":\"ListItem\",\"position\":2,\"name\":\"Il 30 settembre il RIPI sar\u00e0 alla Notte europea dei ricercatori e delle ricercatrici\"}]},{\"@type\":\"WebSite\",\"@id\":\"https:\\\/\\\/ripi.iss.it\\\/ripi\\\/#website\",\"url\":\"https:\\\/\\\/ripi.iss.it\\\/ripi\\\/\",\"name\":\"RIPI\",\"description\":\"Registro Italiano delle Protesi Impiantabili\",\"publisher\":{\"@id\":\"https:\\\/\\\/ripi.iss.it\\\/ripi\\\/#organization\"},\"potentialAction\":[{\"@type\":\"SearchAction\",\"target\":{\"@type\":\"EntryPoint\",\"urlTemplate\":\"https:\\\/\\\/ripi.iss.it\\\/ripi\\\/?s={search_term_string}\"},\"query-input\":{\"@type\":\"PropertyValueSpecification\",\"valueRequired\":true,\"valueName\":\"search_term_string\"}}],\"inLanguage\":\"it-IT\"},{\"@type\":\"Organization\",\"@id\":\"https:\\\/\\\/ripi.iss.it\\\/ripi\\\/#organization\",\"name\":\"RIPI | Registro italiano delle protesi impiantabili\",\"url\":\"https:\\\/\\\/ripi.iss.it\\\/ripi\\\/\",\"logo\":{\"@type\":\"ImageObject\",\"inLanguage\":\"it-IT\",\"@id\":\"https:\\\/\\\/ripi.iss.it\\\/ripi\\\/#\\\/schema\\\/logo\\\/image\\\/\",\"url\":\"https:\\\/\\\/ripi.iss.it\\\/ripi\\\/wp-content\\\/uploads\\\/2019\\\/12\\\/logo_ripi_retina.png\",\"contentUrl\":\"https:\\\/\\\/ripi.iss.it\\\/ripi\\\/wp-content\\\/uploads\\\/2019\\\/12\\\/logo_ripi_retina.png\",\"width\":587,\"height\":258,\"caption\":\"RIPI | Registro italiano delle protesi impiantabili\"},\"image\":{\"@id\":\"https:\\\/\\\/ripi.iss.it\\\/ripi\\\/#\\\/schema\\\/logo\\\/image\\\/\"}},{\"@type\":\"Person\",\"@id\":\"https:\\\/\\\/ripi.iss.it\\\/ripi\\\/#\\\/schema\\\/person\\\/0236d4e22b9e429e957ff941242b546b\",\"name\":\"benedetta\"}]}<\/script>\r\n<!-- \/ Yoast SEO plugin. -->","yoast_head_json":{"title":"Il 30 settembre il RIPI sar\u00e0 alla Notte europea dei ricercatori e delle ricercatrici | RIPI","robots":{"index":"index","follow":"follow","max-snippet":"max-snippet:-1","max-image-preview":"max-image-preview:large","max-video-preview":"max-video-preview:-1"},"canonical":"https:\/\/ripi.iss.it\/ripi\/it\/news\/approfondimenti\/il-30-settembre-ripi-alla-notte-europea-dei-ricercatori-e-delle-ricercatrici\/","og_locale":"it_IT","og_type":"article","og_title":"Il 30 settembre il RIPI sar\u00e0 alla Notte europea dei ricercatori e delle ricercatrici | RIPI","og_description":"La Notte europea dei ricercatori e delle ricercatrici \u00e8 un evento divulgativo annuale che ha l\u2019obiettivo di promuovere e spiegare la ricerca a un pubblico ...","og_url":"https:\/\/ripi.iss.it\/ripi\/it\/news\/approfondimenti\/il-30-settembre-ripi-alla-notte-europea-dei-ricercatori-e-delle-ricercatrici\/","og_site_name":"RIPI","article_published_time":"2023-09-18T14:09:02+00:00","article_modified_time":"2023-09-20T16:18:01+00:00","og_image":[{"width":1200,"height":628,"url":"https:\/\/ripi.iss.it\/ripi\/wp-content\/uploads\/2023\/09\/scienzainsieme.jpg","type":"image\/jpeg"}],"author":"benedetta","twitter_card":"summary_large_image","schema":{"@context":"https:\/\/schema.org","@graph":[{"@type":"Article","@id":"https:\/\/ripi.iss.it\/ripi\/it\/news\/approfondimenti\/il-30-settembre-ripi-alla-notte-europea-dei-ricercatori-e-delle-ricercatrici\/#article","isPartOf":{"@id":"https:\/\/ripi.iss.it\/ripi\/it\/news\/approfondimenti\/il-30-settembre-ripi-alla-notte-europea-dei-ricercatori-e-delle-ricercatrici\/"},"author":{"name":"benedetta","@id":"https:\/\/ripi.iss.it\/ripi\/#\/schema\/person\/0236d4e22b9e429e957ff941242b546b"},"headline":"Il 30 settembre il RIPI sar\u00e0 alla Notte europea dei ricercatori e delle ricercatrici","datePublished":"2023-09-18T14:09:02+00:00","dateModified":"2023-09-20T16:18:01+00:00","mainEntityOfPage":{"@id":"https:\/\/ripi.iss.it\/ripi\/it\/news\/approfondimenti\/il-30-settembre-ripi-alla-notte-europea-dei-ricercatori-e-delle-ricercatrici\/"},"wordCount":282,"publisher":{"@id":"https:\/\/ripi.iss.it\/ripi\/#organization"},"image":{"@id":"https:\/\/ripi.iss.it\/ripi\/it\/news\/approfondimenti\/il-30-settembre-ripi-alla-notte-europea-dei-ricercatori-e-delle-ricercatrici\/#primaryimage"},"thumbnailUrl":"https:\/\/ripi.iss.it\/ripi\/wp-content\/uploads\/2023\/09\/scienzainsieme.jpg","articleSection":["Approfondimenti"],"inLanguage":"it-IT"},{"@type":"WebPage","@id":"https:\/\/ripi.iss.it\/ripi\/it\/news\/approfondimenti\/il-30-settembre-ripi-alla-notte-europea-dei-ricercatori-e-delle-ricercatrici\/","url":"https:\/\/ripi.iss.it\/ripi\/it\/news\/approfondimenti\/il-30-settembre-ripi-alla-notte-europea-dei-ricercatori-e-delle-ricercatrici\/","name":"Il 30 settembre il RIPI sar\u00e0 alla Notte europea dei ricercatori e delle ricercatrici | RIPI","isPartOf":{"@id":"https:\/\/ripi.iss.it\/ripi\/#website"},"primaryImageOfPage":{"@id":"https:\/\/ripi.iss.it\/ripi\/it\/news\/approfondimenti\/il-30-settembre-ripi-alla-notte-europea-dei-ricercatori-e-delle-ricercatrici\/#primaryimage"},"image":{"@id":"https:\/\/ripi.iss.it\/ripi\/it\/news\/approfondimenti\/il-30-settembre-ripi-alla-notte-europea-dei-ricercatori-e-delle-ricercatrici\/#primaryimage"},"thumbnailUrl":"https:\/\/ripi.iss.it\/ripi\/wp-content\/uploads\/2023\/09\/scienzainsieme.jpg","datePublished":"2023-09-18T14:09:02+00:00","dateModified":"2023-09-20T16:18:01+00:00","breadcrumb":{"@id":"https:\/\/ripi.iss.it\/ripi\/it\/news\/approfondimenti\/il-30-settembre-ripi-alla-notte-europea-dei-ricercatori-e-delle-ricercatrici\/#breadcrumb"},"inLanguage":"it-IT","potentialAction":[{"@type":"ReadAction","target":["https:\/\/ripi.iss.it\/ripi\/it\/news\/approfondimenti\/il-30-settembre-ripi-alla-notte-europea-dei-ricercatori-e-delle-ricercatrici\/"]}]},{"@type":"ImageObject","inLanguage":"it-IT","@id":"https:\/\/ripi.iss.it\/ripi\/it\/news\/approfondimenti\/il-30-settembre-ripi-alla-notte-europea-dei-ricercatori-e-delle-ricercatrici\/#primaryimage","url":"https:\/\/ripi.iss.it\/ripi\/wp-content\/uploads\/2023\/09\/scienzainsieme.jpg","contentUrl":"https:\/\/ripi.iss.it\/ripi\/wp-content\/uploads\/2023\/09\/scienzainsieme.jpg","width":1200,"height":628},{"@type":"BreadcrumbList","@id":"https:\/\/ripi.iss.it\/ripi\/it\/news\/approfondimenti\/il-30-settembre-ripi-alla-notte-europea-dei-ricercatori-e-delle-ricercatrici\/#breadcrumb","itemListElement":[{"@type":"ListItem","position":1,"name":"Home","item":"https:\/\/ripi.iss.it\/ripi\/it\/"},{"@type":"ListItem","position":2,"name":"Il 30 settembre il RIPI sar\u00e0 alla Notte europea dei ricercatori e delle ricercatrici"}]},{"@type":"WebSite","@id":"https:\/\/ripi.iss.it\/ripi\/#website","url":"https:\/\/ripi.iss.it\/ripi\/","name":"RIPI","description":"Registro Italiano delle Protesi Impiantabili","publisher":{"@id":"https:\/\/ripi.iss.it\/ripi\/#organization"},"potentialAction":[{"@type":"SearchAction","target":{"@type":"EntryPoint","urlTemplate":"https:\/\/ripi.iss.it\/ripi\/?s={search_term_string}"},"query-input":{"@type":"PropertyValueSpecification","valueRequired":true,"valueName":"search_term_string"}}],"inLanguage":"it-IT"},{"@type":"Organization","@id":"https:\/\/ripi.iss.it\/ripi\/#organization","name":"RIPI | Registro italiano delle protesi impiantabili","url":"https:\/\/ripi.iss.it\/ripi\/","logo":{"@type":"ImageObject","inLanguage":"it-IT","@id":"https:\/\/ripi.iss.it\/ripi\/#\/schema\/logo\/image\/","url":"https:\/\/ripi.iss.it\/ripi\/wp-content\/uploads\/2019\/12\/logo_ripi_retina.png","contentUrl":"https:\/\/ripi.iss.it\/ripi\/wp-content\/uploads\/2019\/12\/logo_ripi_retina.png","width":587,"height":258,"caption":"RIPI | Registro italiano delle protesi impiantabili"},"image":{"@id":"https:\/\/ripi.iss.it\/ripi\/#\/schema\/logo\/image\/"}},{"@type":"Person","@id":"https:\/\/ripi.iss.it\/ripi\/#\/schema\/person\/0236d4e22b9e429e957ff941242b546b","name":"benedetta"}]}},"_links":{"self":[{"href":"https:\/\/ripi.iss.it\/ripi\/wp-json\/wp\/v2\/posts\/3720","targetHints":{"allow":["GET"]}}],"collection":[{"href":"https:\/\/ripi.iss.it\/ripi\/wp-json\/wp\/v2\/posts"}],"about":[{"href":"https:\/\/ripi.iss.it\/ripi\/wp-json\/wp\/v2\/types\/post"}],"author":[{"embeddable":true,"href":"https:\/\/ripi.iss.it\/ripi\/wp-json\/wp\/v2\/users\/2"}],"replies":[{"embeddable":true,"href":"https:\/\/ripi.iss.it\/ripi\/wp-json\/wp\/v2\/comments?post=3720"}],"version-history":[{"count":0,"href":"https:\/\/ripi.iss.it\/ripi\/wp-json\/wp\/v2\/posts\/3720\/revisions"}],"wp:featuredmedia":[{"embeddable":true,"href":"https:\/\/ripi.iss.it\/ripi\/wp-json\/wp\/v2\/media\/3728"}],"wp:attachment":[{"href":"https:\/\/ripi.iss.it\/ripi\/wp-json\/wp\/v2\/media?parent=3720"}],"wp:term":[{"taxonomy":"category","embeddable":true,"href":"https:\/\/ripi.iss.it\/ripi\/wp-json\/wp\/v2\/categories?post=3720"},{"taxonomy":"post_tag","embeddable":true,"href":"https:\/\/ripi.iss.it\/ripi\/wp-json\/wp\/v2\/tags?post=3720"}],"curies":[{"name":"wp","href":"https:\/\/api.w.org\/{rel}","templated":true}]}}